{"id":58,"date":"2017-09-22T05:33:29","date_gmt":"2017-09-22T05:33:29","guid":{"rendered":"https:\/\/sismec.org.br\/site\/?p=58"},"modified":"2018-03-08T21:24:21","modified_gmt":"2018-03-08T21:24:21","slug":"associacao-ou-sindicato-asmec-responde","status":"publish","type":"post","link":"https:\/\/sismec.org.br\/site\/associacao-ou-sindicato-asmec-responde\/","title":{"rendered":"Associa\u00e7\u00e3o ou Sindicato? Asmec responde."},"content":{"rendered":"<p>Na d\u00favida sobre a diferen\u00e7a entre Associa\u00e7\u00e3o ou Sindicato?<\/p>\n<p>O Dr. Gabriel Campos responde.<\/p>\n<p><iframe loading=\"lazy\" src=\"https:\/\/www.youtube.com\/embed\/qft0s2usj2k\" width=\"100%\" height=\"515\" frameborder=\"0\" allowfullscreen=\"allowfullscreen\"><\/iframe><\/p>\n<p>Profissional de enfermagem da PMC, Compare\u00e7a na Assembleia de forma\u00e7\u00e3o do SISMEC &#8211; SINDICATO DOS SERVIDORES MUNICIPAIS DE ENFERMAGEM DE CURITIBA.<\/p>\n<p>Dia 03 de Outubro de 2017, Ter\u00e7a Feira as <a class=\"yt-simple-endpoint style-scope yt-formatted-string\" href=\"https:\/\/www.youtube.com\/watch?v=qft0s2usj2k&amp;t=1170s\">19:30<\/a> na Rua Fernando de Souza Costa, 445 no bairro Fazendinha.<\/p>\n<p>Publicado em\u00a0<abbr title=\"22\/09\/2017 3:16:36\">22\/09\/2017<\/abbr><\/p>\n","protected":false},"excerpt":{"rendered":"<p>Na d\u00favida sobre a diferen\u00e7a entre Associa\u00e7\u00e3o ou Sindicato? O Dr. Gabriel Campos responde. Profissional de enfermagem da PMC, Compare\u00e7a na Assembleia de forma\u00e7\u00e3o do SISMEC &#8211; SINDICATO DOS SERVIDORES MUNICIPAIS DE ENFERMAGEM DE CURITIBA. Dia 03 de Outubro de 2017, Ter\u00e7a Feira as 19:30 na Rua Fernando de Souza Costa, 445 no bairro Fazendinha. Publicado em\u00a022\/09\/2017<\/p>\n","protected":false},"author":1,"featured_media":59,"comment_status":"open","ping_status":"open","sticky":false,"template":"","format":"standard","meta":{"footnotes":""},"categories":[9],"tags":[],"class_list":["post-58","post","type-post","status-publish","format-standard","has-post-thumbnail","hentry","category-videos"],"yoast_head":"<!-- This site is optimized with the Yoast SEO plugin v27.5 - https:\/\/yoast.com\/product\/yoast-seo-wordpress\/ -->\n<title>Associa\u00e7\u00e3o ou Sindicato? Asmec responde. - Sismec<\/title>\n<meta name=\"robots\" content=\"index, follow, max-snippet:-1, max-image-preview:large, max-video-preview:-1\" \/>\n<link rel=\"canonical\" href=\"https:\/\/sismec.org.br\/site\/associacao-ou-sindicato-asmec-responde\/\" \/>\n<meta property=\"og:locale\" content=\"pt_BR\" \/>\n<meta property=\"og:type\" content=\"article\" \/>\n<meta property=\"og:title\" content=\"Associa\u00e7\u00e3o ou Sindicato? Asmec responde. - Sismec\" \/>\n<meta property=\"og:description\" content=\"Na d\u00favida sobre a diferen\u00e7a entre Associa\u00e7\u00e3o ou Sindicato? O Dr. Gabriel Campos responde. Profissional de enfermagem da PMC, Compare\u00e7a na Assembleia de forma\u00e7\u00e3o do SISMEC &#8211; SINDICATO DOS SERVIDORES MUNICIPAIS DE ENFERMAGEM DE CURITIBA. Dia 03 de Outubro de 2017, Ter\u00e7a Feira as 19:30 na Rua Fernando de Souza Costa, 445 no bairro Fazendinha. Publicado em\u00a022\/09\/2017\" \/>\n<meta property=\"og:url\" content=\"https:\/\/sismec.org.br\/site\/associacao-ou-sindicato-asmec-responde\/\" \/>\n<meta property=\"og:site_name\" content=\"Sismec\" \/>\n<meta property=\"article:published_time\" content=\"2017-09-22T05:33:29+00:00\" \/>\n<meta property=\"article:modified_time\" content=\"2018-03-08T21:24:21+00:00\" \/>\n<meta property=\"og:image\" content=\"https:\/\/sismec.org.br\/site\/wp-content\/uploads\/2018\/03\/Associa\u00e7\u00e3o-ou-Sindicato-asmec-responde.png\" \/>\n\t<meta property=\"og:image:width\" content=\"788\" \/>\n\t<meta property=\"og:image:height\" content=\"445\" \/>\n\t<meta property=\"og:image:type\" content=\"image\/png\" \/>\n<meta name=\"author\" content=\"admin\" \/>\n<meta name=\"twitter:card\" content=\"summary_large_image\" \/>\n<meta name=\"twitter:label1\" content=\"Escrito por\" \/>\n\t<meta name=\"twitter:data1\" content=\"admin\" \/>\n<script type=\"application\/ld+json\" class=\"yoast-schema-graph\">{\"@context\":\"https:\\\/\\\/schema.org\",\"@graph\":[{\"@type\":\"Article\",\"@id\":\"https:\\\/\\\/sismec.org.br\\\/site\\\/associacao-ou-sindicato-asmec-responde\\\/#article\",\"isPartOf\":{\"@id\":\"https:\\\/\\\/sismec.org.br\\\/site\\\/associacao-ou-sindicato-asmec-responde\\\/\"},\"author\":{\"name\":\"admin\",\"@id\":\"https:\\\/\\\/sismec.org.br\\\/site\\\/#\\\/schema\\\/person\\\/ea7d25e354594ee5246610ed74e93b53\"},\"headline\":\"Associa\u00e7\u00e3o ou Sindicato? Asmec responde.\",\"datePublished\":\"2017-09-22T05:33:29+00:00\",\"dateModified\":\"2018-03-08T21:24:21+00:00\",\"mainEntityOfPage\":{\"@id\":\"https:\\\/\\\/sismec.org.br\\\/site\\\/associacao-ou-sindicato-asmec-responde\\\/\"},\"wordCount\":65,\"commentCount\":0,\"publisher\":{\"@id\":\"https:\\\/\\\/sismec.org.br\\\/site\\\/#organization\"},\"image\":{\"@id\":\"https:\\\/\\\/sismec.org.br\\\/site\\\/associacao-ou-sindicato-asmec-responde\\\/#primaryimage\"},\"thumbnailUrl\":\"https:\\\/\\\/sismec.org.br\\\/site\\\/wp-content\\\/uploads\\\/2018\\\/03\\\/Associa\u00e7\u00e3o-ou-Sindicato-asmec-responde.png\",\"articleSection\":[\"Videos\"],\"inLanguage\":\"pt-BR\",\"potentialAction\":[{\"@type\":\"CommentAction\",\"name\":\"Comment\",\"target\":[\"https:\\\/\\\/sismec.org.br\\\/site\\\/associacao-ou-sindicato-asmec-responde\\\/#respond\"]}]},{\"@type\":\"WebPage\",\"@id\":\"https:\\\/\\\/sismec.org.br\\\/site\\\/associacao-ou-sindicato-asmec-responde\\\/\",\"url\":\"https:\\\/\\\/sismec.org.br\\\/site\\\/associacao-ou-sindicato-asmec-responde\\\/\",\"name\":\"Associa\u00e7\u00e3o ou Sindicato? Asmec responde. - Sismec\",\"isPartOf\":{\"@id\":\"https:\\\/\\\/sismec.org.br\\\/site\\\/#website\"},\"primaryImageOfPage\":{\"@id\":\"https:\\\/\\\/sismec.org.br\\\/site\\\/associacao-ou-sindicato-asmec-responde\\\/#primaryimage\"},\"image\":{\"@id\":\"https:\\\/\\\/sismec.org.br\\\/site\\\/associacao-ou-sindicato-asmec-responde\\\/#primaryimage\"},\"thumbnailUrl\":\"https:\\\/\\\/sismec.org.br\\\/site\\\/wp-content\\\/uploads\\\/2018\\\/03\\\/Associa\u00e7\u00e3o-ou-Sindicato-asmec-responde.png\",\"datePublished\":\"2017-09-22T05:33:29+00:00\",\"dateModified\":\"2018-03-08T21:24:21+00:00\",\"breadcrumb\":{\"@id\":\"https:\\\/\\\/sismec.org.br\\\/site\\\/associacao-ou-sindicato-asmec-responde\\\/#breadcrumb\"},\"inLanguage\":\"pt-BR\",\"potentialAction\":[{\"@type\":\"ReadAction\",\"target\":[\"https:\\\/\\\/sismec.org.br\\\/site\\\/associacao-ou-sindicato-asmec-responde\\\/\"]}]},{\"@type\":\"ImageObject\",\"inLanguage\":\"pt-BR\",\"@id\":\"https:\\\/\\\/sismec.org.br\\\/site\\\/associacao-ou-sindicato-asmec-responde\\\/#primaryimage\",\"url\":\"https:\\\/\\\/sismec.org.br\\\/site\\\/wp-content\\\/uploads\\\/2018\\\/03\\\/Associa\u00e7\u00e3o-ou-Sindicato-asmec-responde.png\",\"contentUrl\":\"https:\\\/\\\/sismec.org.br\\\/site\\\/wp-content\\\/uploads\\\/2018\\\/03\\\/Associa\u00e7\u00e3o-ou-Sindicato-asmec-responde.png\",\"width\":788,\"height\":445},{\"@type\":\"BreadcrumbList\",\"@id\":\"https:\\\/\\\/sismec.org.br\\\/site\\\/associacao-ou-sindicato-asmec-responde\\\/#breadcrumb\",\"itemListElement\":[{\"@type\":\"ListItem\",\"position\":1,\"name\":\"In\u00edcio\",\"item\":\"https:\\\/\\\/sismec.org.br\\\/site\\\/\"},{\"@type\":\"ListItem\",\"position\":2,\"name\":\"Associa\u00e7\u00e3o ou Sindicato? Asmec responde.\"}]},{\"@type\":\"WebSite\",\"@id\":\"https:\\\/\\\/sismec.org.br\\\/site\\\/#website\",\"url\":\"https:\\\/\\\/sismec.org.br\\\/site\\\/\",\"name\":\"Sismec\",\"description\":\"Sindicato dos Servidores Municipais de Enfermagem de Curitiba\",\"publisher\":{\"@id\":\"https:\\\/\\\/sismec.org.br\\\/site\\\/#organization\"},\"potentialAction\":[{\"@type\":\"SearchAction\",\"target\":{\"@type\":\"EntryPoint\",\"urlTemplate\":\"https:\\\/\\\/sismec.org.br\\\/site\\\/?s={search_term_string}\"},\"query-input\":{\"@type\":\"PropertyValueSpecification\",\"valueRequired\":true,\"valueName\":\"search_term_string\"}}],\"inLanguage\":\"pt-BR\"},{\"@type\":\"Organization\",\"@id\":\"https:\\\/\\\/sismec.org.br\\\/site\\\/#organization\",\"name\":\"Sismec\",\"url\":\"https:\\\/\\\/sismec.org.br\\\/site\\\/\",\"logo\":{\"@type\":\"ImageObject\",\"inLanguage\":\"pt-BR\",\"@id\":\"https:\\\/\\\/sismec.org.br\\\/site\\\/#\\\/schema\\\/logo\\\/image\\\/\",\"url\":\"https:\\\/\\\/sismec.org.br\\\/site\\\/wp-content\\\/uploads\\\/2018\\\/03\\\/cabe\u00e7alho.png\",\"contentUrl\":\"https:\\\/\\\/sismec.org.br\\\/site\\\/wp-content\\\/uploads\\\/2018\\\/03\\\/cabe\u00e7alho.png\",\"width\":1082,\"height\":297,\"caption\":\"Sismec\"},\"image\":{\"@id\":\"https:\\\/\\\/sismec.org.br\\\/site\\\/#\\\/schema\\\/logo\\\/image\\\/\"}},{\"@type\":\"Person\",\"@id\":\"https:\\\/\\\/sismec.org.br\\\/site\\\/#\\\/schema\\\/person\\\/ea7d25e354594ee5246610ed74e93b53\",\"name\":\"admin\",\"image\":{\"@type\":\"ImageObject\",\"inLanguage\":\"pt-BR\",\"@id\":\"https:\\\/\\\/secure.gravatar.com\\\/avatar\\\/8965fc407307d8d50e9d2bb39901de7d5d62b9e11155fdf905a65b9ecc0cda22?s=96&d=mm&r=g\",\"url\":\"https:\\\/\\\/secure.gravatar.com\\\/avatar\\\/8965fc407307d8d50e9d2bb39901de7d5d62b9e11155fdf905a65b9ecc0cda22?s=96&d=mm&r=g\",\"contentUrl\":\"https:\\\/\\\/secure.gravatar.com\\\/avatar\\\/8965fc407307d8d50e9d2bb39901de7d5d62b9e11155fdf905a65b9ecc0cda22?s=96&d=mm&r=g\",\"caption\":\"admin\"},\"url\":\"https:\\\/\\\/sismec.org.br\\\/site\\\/author\\\/admin\\\/\"}]}<\/script>\n<!-- \/ Yoast SEO plugin. -->","yoast_head_json":{"title":"Associa\u00e7\u00e3o ou Sindicato? Asmec responde. - Sismec","robots":{"index":"index","follow":"follow","max-snippet":"max-snippet:-1","max-image-preview":"max-image-preview:large","max-video-preview":"max-video-preview:-1"},"canonical":"https:\/\/sismec.org.br\/site\/associacao-ou-sindicato-asmec-responde\/","og_locale":"pt_BR","og_type":"article","og_title":"Associa\u00e7\u00e3o ou Sindicato? Asmec responde. - Sismec","og_description":"Na d\u00favida sobre a diferen\u00e7a entre Associa\u00e7\u00e3o ou Sindicato? O Dr. Gabriel Campos responde. Profissional de enfermagem da PMC, Compare\u00e7a na Assembleia de forma\u00e7\u00e3o do SISMEC &#8211; SINDICATO DOS SERVIDORES MUNICIPAIS DE ENFERMAGEM DE CURITIBA. Dia 03 de Outubro de 2017, Ter\u00e7a Feira as 19:30 na Rua Fernando de Souza Costa, 445 no bairro Fazendinha. Publicado em\u00a022\/09\/2017","og_url":"https:\/\/sismec.org.br\/site\/associacao-ou-sindicato-asmec-responde\/","og_site_name":"Sismec","article_published_time":"2017-09-22T05:33:29+00:00","article_modified_time":"2018-03-08T21:24:21+00:00","og_image":[{"width":788,"height":445,"url":"https:\/\/sismec.org.br\/site\/wp-content\/uploads\/2018\/03\/Associa\u00e7\u00e3o-ou-Sindicato-asmec-responde.png","type":"image\/png"}],"author":"admin","twitter_card":"summary_large_image","twitter_misc":{"Escrito por":"admin"},"schema":{"@context":"https:\/\/schema.org","@graph":[{"@type":"Article","@id":"https:\/\/sismec.org.br\/site\/associacao-ou-sindicato-asmec-responde\/#article","isPartOf":{"@id":"https:\/\/sismec.org.br\/site\/associacao-ou-sindicato-asmec-responde\/"},"author":{"name":"admin","@id":"https:\/\/sismec.org.br\/site\/#\/schema\/person\/ea7d25e354594ee5246610ed74e93b53"},"headline":"Associa\u00e7\u00e3o ou Sindicato? Asmec responde.","datePublished":"2017-09-22T05:33:29+00:00","dateModified":"2018-03-08T21:24:21+00:00","mainEntityOfPage":{"@id":"https:\/\/sismec.org.br\/site\/associacao-ou-sindicato-asmec-responde\/"},"wordCount":65,"commentCount":0,"publisher":{"@id":"https:\/\/sismec.org.br\/site\/#organization"},"image":{"@id":"https:\/\/sismec.org.br\/site\/associacao-ou-sindicato-asmec-responde\/#primaryimage"},"thumbnailUrl":"https:\/\/sismec.org.br\/site\/wp-content\/uploads\/2018\/03\/Associa\u00e7\u00e3o-ou-Sindicato-asmec-responde.png","articleSection":["Videos"],"inLanguage":"pt-BR","potentialAction":[{"@type":"CommentAction","name":"Comment","target":["https:\/\/sismec.org.br\/site\/associacao-ou-sindicato-asmec-responde\/#respond"]}]},{"@type":"WebPage","@id":"https:\/\/sismec.org.br\/site\/associacao-ou-sindicato-asmec-responde\/","url":"https:\/\/sismec.org.br\/site\/associacao-ou-sindicato-asmec-responde\/","name":"Associa\u00e7\u00e3o ou Sindicato? Asmec responde. - Sismec","isPartOf":{"@id":"https:\/\/sismec.org.br\/site\/#website"},"primaryImageOfPage":{"@id":"https:\/\/sismec.org.br\/site\/associacao-ou-sindicato-asmec-responde\/#primaryimage"},"image":{"@id":"https:\/\/sismec.org.br\/site\/associacao-ou-sindicato-asmec-responde\/#primaryimage"},"thumbnailUrl":"https:\/\/sismec.org.br\/site\/wp-content\/uploads\/2018\/03\/Associa\u00e7\u00e3o-ou-Sindicato-asmec-responde.png","datePublished":"2017-09-22T05:33:29+00:00","dateModified":"2018-03-08T21:24:21+00:00","breadcrumb":{"@id":"https:\/\/sismec.org.br\/site\/associacao-ou-sindicato-asmec-responde\/#breadcrumb"},"inLanguage":"pt-BR","potentialAction":[{"@type":"ReadAction","target":["https:\/\/sismec.org.br\/site\/associacao-ou-sindicato-asmec-responde\/"]}]},{"@type":"ImageObject","inLanguage":"pt-BR","@id":"https:\/\/sismec.org.br\/site\/associacao-ou-sindicato-asmec-responde\/#primaryimage","url":"https:\/\/sismec.org.br\/site\/wp-content\/uploads\/2018\/03\/Associa\u00e7\u00e3o-ou-Sindicato-asmec-responde.png","contentUrl":"https:\/\/sismec.org.br\/site\/wp-content\/uploads\/2018\/03\/Associa\u00e7\u00e3o-ou-Sindicato-asmec-responde.png","width":788,"height":445},{"@type":"BreadcrumbList","@id":"https:\/\/sismec.org.br\/site\/associacao-ou-sindicato-asmec-responde\/#breadcrumb","itemListElement":[{"@type":"ListItem","position":1,"name":"In\u00edcio","item":"https:\/\/sismec.org.br\/site\/"},{"@type":"ListItem","position":2,"name":"Associa\u00e7\u00e3o ou Sindicato? Asmec responde."}]},{"@type":"WebSite","@id":"https:\/\/sismec.org.br\/site\/#website","url":"https:\/\/sismec.org.br\/site\/","name":"Sismec","description":"Sindicato dos Servidores Municipais de Enfermagem de Curitiba","publisher":{"@id":"https:\/\/sismec.org.br\/site\/#organization"},"potentialAction":[{"@type":"SearchAction","target":{"@type":"EntryPoint","urlTemplate":"https:\/\/sismec.org.br\/site\/?s={search_term_string}"},"query-input":{"@type":"PropertyValueSpecification","valueRequired":true,"valueName":"search_term_string"}}],"inLanguage":"pt-BR"},{"@type":"Organization","@id":"https:\/\/sismec.org.br\/site\/#organization","name":"Sismec","url":"https:\/\/sismec.org.br\/site\/","logo":{"@type":"ImageObject","inLanguage":"pt-BR","@id":"https:\/\/sismec.org.br\/site\/#\/schema\/logo\/image\/","url":"https:\/\/sismec.org.br\/site\/wp-content\/uploads\/2018\/03\/cabe\u00e7alho.png","contentUrl":"https:\/\/sismec.org.br\/site\/wp-content\/uploads\/2018\/03\/cabe\u00e7alho.png","width":1082,"height":297,"caption":"Sismec"},"image":{"@id":"https:\/\/sismec.org.br\/site\/#\/schema\/logo\/image\/"}},{"@type":"Person","@id":"https:\/\/sismec.org.br\/site\/#\/schema\/person\/ea7d25e354594ee5246610ed74e93b53","name":"admin","image":{"@type":"ImageObject","inLanguage":"pt-BR","@id":"https:\/\/secure.gravatar.com\/avatar\/8965fc407307d8d50e9d2bb39901de7d5d62b9e11155fdf905a65b9ecc0cda22?s=96&d=mm&r=g","url":"https:\/\/secure.gravatar.com\/avatar\/8965fc407307d8d50e9d2bb39901de7d5d62b9e11155fdf905a65b9ecc0cda22?s=96&d=mm&r=g","contentUrl":"https:\/\/secure.gravatar.com\/avatar\/8965fc407307d8d50e9d2bb39901de7d5d62b9e11155fdf905a65b9ecc0cda22?s=96&d=mm&r=g","caption":"admin"},"url":"https:\/\/sismec.org.br\/site\/author\/admin\/"}]}},"_links":{"self":[{"href":"https:\/\/sismec.org.br\/site\/wp-json\/wp\/v2\/posts\/58","targetHints":{"allow":["GET"]}}],"collection":[{"href":"https:\/\/sismec.org.br\/site\/wp-json\/wp\/v2\/posts"}],"about":[{"href":"https:\/\/sismec.org.br\/site\/wp-json\/wp\/v2\/types\/post"}],"author":[{"embeddable":true,"href":"https:\/\/sismec.org.br\/site\/wp-json\/wp\/v2\/users\/1"}],"replies":[{"embeddable":true,"href":"https:\/\/sismec.org.br\/site\/wp-json\/wp\/v2\/comments?post=58"}],"version-history":[{"count":2,"href":"https:\/\/sismec.org.br\/site\/wp-json\/wp\/v2\/posts\/58\/revisions"}],"predecessor-version":[{"id":65,"href":"https:\/\/sismec.org.br\/site\/wp-json\/wp\/v2\/posts\/58\/revisions\/65"}],"wp:featuredmedia":[{"embeddable":true,"href":"https:\/\/sismec.org.br\/site\/wp-json\/wp\/v2\/media\/59"}],"wp:attachment":[{"href":"https:\/\/sismec.org.br\/site\/wp-json\/wp\/v2\/media?parent=58"}],"wp:term":[{"taxonomy":"category","embeddable":true,"href":"https:\/\/sismec.org.br\/site\/wp-json\/wp\/v2\/categories?post=58"},{"taxonomy":"post_tag","embeddable":true,"href":"https:\/\/sismec.org.br\/site\/wp-json\/wp\/v2\/tags?post=58"}],"curies":[{"name":"wp","href":"https:\/\/api.w.org\/{rel}","templated":true}]}}