{"id":47,"date":"2018-01-31T05:13:00","date_gmt":"2018-01-31T05:13:00","guid":{"rendered":"https:\/\/sismec.org.br\/site\/?p=47"},"modified":"2018-03-03T06:17:14","modified_gmt":"2018-03-03T06:17:14","slug":"sismec-se-apresenta-como-entidade-representativa-dos-servidores-de-enfermagem-de-curitiba","status":"publish","type":"post","link":"https:\/\/sismec.org.br\/site\/sismec-se-apresenta-como-entidade-representativa-dos-servidores-de-enfermagem-de-curitiba\/","title":{"rendered":"SISMEC se apresenta como entidade representativa dos servidores de enfermagem de Curitiba"},"content":{"rendered":"<p>Na manh\u00e3 do dia <strong>19\/12\/2017<\/strong> a dire\u00e7\u00e3o do <strong>SISMEC<\/strong> participou de sua primeira reuni\u00e3o enquanto <strong>SINDICATO<\/strong> com a atual Gest\u00e3o Municipal. Fomos prontamente recebidos pelo Secretario Municipal de Recursos Humanos e, na oportunidade apresentamos o sindicato como legitimo representante dos profissionais Enfermeiros, T\u00e9cnicos de enfermagem e Auxiliares de enfermagem concursados no munic\u00edpio de Curitiba.<\/p>\n<p>Al\u00e9m da equipe do RH, participaram da reuni\u00e3o a supervisora de enfermagem na aten\u00e7\u00e3o primaria do munic\u00edpio, Diretora da Gest\u00e3o de pessoas da SMS e Supervisora do RH da SMS. Dentre os pontos debatidos tratamos tamb\u00e9m sobre a Portaria Conjunta N\u00ba 02 que trata da suspens\u00e3o dos servi\u00e7os no 22\/12\/2017 e do recesso administrativo no per\u00edodo de 26 a 29\/12\/2017.<\/p>\n<p>Solicitamos maiores informa\u00e7\u00f5es quanto a forma de remunera\u00e7\u00e3o dos servidores que estar\u00e3o de plant\u00e3o nestes dias, assim como a preocupa\u00e7\u00e3o com a escala de final de ano onde as unidades b\u00e1sicas de sa\u00fade permanecer\u00e3o fechadas por longo per\u00edodo sobrecarregando os servi\u00e7os de emerg\u00eancia de Curitiba e que tal sobrecarga ir\u00e1 afetar principalmente as equipes de enfermagem que trabalham nas Unidades de Pronto Atendimento e SAMU, a Gest\u00e3o de Pessoas da SMS nos informou que os servidores que prestam servi\u00e7o em regime de escalas 12\/60 n\u00e3o ser\u00e3o remunerados e nem mesmo ter\u00e3o direito a folgas compensat\u00f3rias.<\/p>\n<p>A Diretora de gest\u00e3o de pessoas da SMS foi categ\u00f3rica em afirmar que neste ano a SMS n\u00e3o tem condi\u00e7\u00f5es de cumprir com este direito. Assim protocolamos ontem oficio junto \u00e0 SMS , requerendo o cumprimento do estabelecido no Decreto n\u00ba1,914\/2017 e na referida portaria conjunta concedendo assim este direito. (link para oficio e portaria abaixo.)<\/p>\n<p>Outro ponto importante comentado nessa reuni\u00e3o foi a participa\u00e7\u00e3o da entidade nas mesas de negocia\u00e7\u00f5es em 2018, a <strong>SMRH<\/strong> em fevereiro, as quais j\u00e1 est\u00e3o acertadas, diante disso se fara necess\u00e1rio formarmos uma comiss\u00e3o com profissionais de v\u00e1rios equipamentos para que representem a categoria e seja elaborada a pauta de negocia\u00e7\u00f5es para o ano de 2018, das quais j\u00e1 estaremos participando ativamente.<\/p>\n<p>Importante se faz lembrar aos profissionais de enfermagem que todas as situa\u00e7\u00f5es que est\u00e3o ferindo o direito como servidor p\u00fablico est\u00e3o sendo analisadas pelo setor jur\u00eddico do sindicato, algumas medidas j\u00e1 foram e est\u00e3o sendo tomadas para ter nossos direitos resguardados.<\/p>\n<p>A diretoria do sindicato reafirma ao compromisso que tem com o profissional de enfermagem e que ao poder sentar com voz e voto nas mesas de negocia\u00e7\u00f5es com a PMC e os outros sindicatos no ano de 2018 poder\u00e1 fazer sempre mais por uma categoria t\u00e3o importante para todos.<\/p>\n<p>Sempre com o apoio de voc\u00eas, o SISMEC estar\u00e1 conduzindo e orientando mas quem determina a for\u00e7a que teremos \u00e9 o apoio e participa\u00e7\u00e3o da categoria.<\/p>\n<p><span style=\"color: #000000;\">Lembramos a todos as agress\u00f5es sofridas no decorrer do ano e que tais agress\u00f5es acentuam-se com a superlota\u00e7\u00e3o falta de suprimentos, RH e medica\u00e7\u00f5es, pior de tudo, a desassist\u00eancia do usu\u00e1rio final que precisa dos servi\u00e7os de sa\u00fade nessa \u00e9poca.<\/span><\/p>\n<p>(Confiram oficio e portaria abaixo.)<\/p>\n<p><a href=\"https:\/\/sismec.org.br\/site\/wp-content\/uploads\/2018\/03\/Of\u00edcio-SISMEC_02_2017-Secretaria-de-Sa\u00fade-Folgas-Recesso.pdf\" target=\"_blank\" rel=\"noopener\">Of\u00edcio SISMEC 02_2017 &#8211; Secretaria de Sa\u00fade &#8211; Folgas Recesso<\/a><\/p>\n","protected":false},"excerpt":{"rendered":"<p>Na manh\u00e3 do dia 19\/12\/2017 a dire\u00e7\u00e3o do SISMEC participou de sua primeira reuni\u00e3o enquanto SINDICATO com a atual Gest\u00e3o Municipal. Fomos prontamente recebidos pelo Secretario Municipal de Recursos Humanos e, na oportunidade apresentamos o sindicato como legitimo representante dos profissionais Enfermeiros, T\u00e9cnicos de enfermagem e Auxiliares de enfermagem concursados no munic\u00edpio de Curitiba. Al\u00e9m da equipe do RH, participaram da reuni\u00e3o a supervisora de enfermagem na aten\u00e7\u00e3o primaria do munic\u00edpio, Diretora da Gest\u00e3o de&#8230;<\/p>\n","protected":false},"author":1,"featured_media":49,"comment_status":"open","ping_status":"open","sticky":false,"template":"","format":"standard","meta":{"footnotes":""},"categories":[6,7,2],"tags":[],"class_list":["post-47","post","type-post","status-publish","format-standard","has-post-thumbnail","hentry","category-destaque","category-informacoes","category-noticias"],"yoast_head":"<!-- This site is optimized with the Yoast SEO plugin v27.5 - https:\/\/yoast.com\/product\/yoast-seo-wordpress\/ -->\n<title>SISMEC se apresenta como entidade representativa dos servidores de enfermagem de Curitiba - Sismec<\/title>\n<meta name=\"robots\" content=\"index, follow, max-snippet:-1, max-image-preview:large, max-video-preview:-1\" \/>\n<link rel=\"canonical\" href=\"https:\/\/sismec.org.br\/site\/sismec-se-apresenta-como-entidade-representativa-dos-servidores-de-enfermagem-de-curitiba\/\" \/>\n<meta property=\"og:locale\" content=\"pt_BR\" \/>\n<meta property=\"og:type\" content=\"article\" \/>\n<meta property=\"og:title\" content=\"SISMEC se apresenta como entidade representativa dos servidores de enfermagem de Curitiba - Sismec\" \/>\n<meta property=\"og:description\" content=\"Na manh\u00e3 do dia 19\/12\/2017 a dire\u00e7\u00e3o do SISMEC participou de sua primeira reuni\u00e3o enquanto SINDICATO com a atual Gest\u00e3o Municipal. Fomos prontamente recebidos pelo Secretario Municipal de Recursos Humanos e, na oportunidade apresentamos o sindicato como legitimo representante dos profissionais Enfermeiros, T\u00e9cnicos de enfermagem e Auxiliares de enfermagem concursados no munic\u00edpio de Curitiba. Al\u00e9m da equipe do RH, participaram da reuni\u00e3o a supervisora de enfermagem na aten\u00e7\u00e3o primaria do munic\u00edpio, Diretora da Gest\u00e3o de...\" \/>\n<meta property=\"og:url\" content=\"https:\/\/sismec.org.br\/site\/sismec-se-apresenta-como-entidade-representativa-dos-servidores-de-enfermagem-de-curitiba\/\" \/>\n<meta property=\"og:site_name\" content=\"Sismec\" \/>\n<meta property=\"article:published_time\" content=\"2018-01-31T05:13:00+00:00\" \/>\n<meta property=\"article:modified_time\" content=\"2018-03-03T06:17:14+00:00\" \/>\n<meta property=\"og:image\" content=\"https:\/\/sismec.org.br\/site\/wp-content\/uploads\/2018\/03\/sismec-se-apresenta-como-entidade-representativa-dos-servidores-de-enfermagem-de-curitiba.jpg\" \/>\n\t<meta property=\"og:image:width\" content=\"800\" \/>\n\t<meta property=\"og:image:height\" content=\"445\" \/>\n\t<meta property=\"og:image:type\" content=\"image\/jpeg\" \/>\n<meta name=\"author\" content=\"admin\" \/>\n<meta name=\"twitter:card\" content=\"summary_large_image\" \/>\n<meta name=\"twitter:label1\" content=\"Escrito por\" \/>\n\t<meta name=\"twitter:data1\" content=\"admin\" \/>\n\t<meta name=\"twitter:label2\" content=\"Est. tempo de leitura\" \/>\n\t<meta name=\"twitter:data2\" content=\"3 minutos\" \/>\n<script type=\"application\/ld+json\" class=\"yoast-schema-graph\">{\"@context\":\"https:\\\/\\\/schema.org\",\"@graph\":[{\"@type\":\"Article\",\"@id\":\"https:\\\/\\\/sismec.org.br\\\/site\\\/sismec-se-apresenta-como-entidade-representativa-dos-servidores-de-enfermagem-de-curitiba\\\/#article\",\"isPartOf\":{\"@id\":\"https:\\\/\\\/sismec.org.br\\\/site\\\/sismec-se-apresenta-como-entidade-representativa-dos-servidores-de-enfermagem-de-curitiba\\\/\"},\"author\":{\"name\":\"admin\",\"@id\":\"https:\\\/\\\/sismec.org.br\\\/site\\\/#\\\/schema\\\/person\\\/ea7d25e354594ee5246610ed74e93b53\"},\"headline\":\"SISMEC se apresenta como entidade representativa dos servidores de enfermagem de Curitiba\",\"datePublished\":\"2018-01-31T05:13:00+00:00\",\"dateModified\":\"2018-03-03T06:17:14+00:00\",\"mainEntityOfPage\":{\"@id\":\"https:\\\/\\\/sismec.org.br\\\/site\\\/sismec-se-apresenta-como-entidade-representativa-dos-servidores-de-enfermagem-de-curitiba\\\/\"},\"wordCount\":561,\"commentCount\":0,\"publisher\":{\"@id\":\"https:\\\/\\\/sismec.org.br\\\/site\\\/#organization\"},\"image\":{\"@id\":\"https:\\\/\\\/sismec.org.br\\\/site\\\/sismec-se-apresenta-como-entidade-representativa-dos-servidores-de-enfermagem-de-curitiba\\\/#primaryimage\"},\"thumbnailUrl\":\"https:\\\/\\\/sismec.org.br\\\/site\\\/wp-content\\\/uploads\\\/2018\\\/03\\\/sismec-se-apresenta-como-entidade-representativa-dos-servidores-de-enfermagem-de-curitiba.jpg\",\"articleSection\":[\"Destaque\",\"Informa\u00e7\u00f5es\",\"Noticias\"],\"inLanguage\":\"pt-BR\",\"potentialAction\":[{\"@type\":\"CommentAction\",\"name\":\"Comment\",\"target\":[\"https:\\\/\\\/sismec.org.br\\\/site\\\/sismec-se-apresenta-como-entidade-representativa-dos-servidores-de-enfermagem-de-curitiba\\\/#respond\"]}]},{\"@type\":\"WebPage\",\"@id\":\"https:\\\/\\\/sismec.org.br\\\/site\\\/sismec-se-apresenta-como-entidade-representativa-dos-servidores-de-enfermagem-de-curitiba\\\/\",\"url\":\"https:\\\/\\\/sismec.org.br\\\/site\\\/sismec-se-apresenta-como-entidade-representativa-dos-servidores-de-enfermagem-de-curitiba\\\/\",\"name\":\"SISMEC se apresenta como entidade representativa dos servidores de enfermagem de Curitiba - Sismec\",\"isPartOf\":{\"@id\":\"https:\\\/\\\/sismec.org.br\\\/site\\\/#website\"},\"primaryImageOfPage\":{\"@id\":\"https:\\\/\\\/sismec.org.br\\\/site\\\/sismec-se-apresenta-como-entidade-representativa-dos-servidores-de-enfermagem-de-curitiba\\\/#primaryimage\"},\"image\":{\"@id\":\"https:\\\/\\\/sismec.org.br\\\/site\\\/sismec-se-apresenta-como-entidade-representativa-dos-servidores-de-enfermagem-de-curitiba\\\/#primaryimage\"},\"thumbnailUrl\":\"https:\\\/\\\/sismec.org.br\\\/site\\\/wp-content\\\/uploads\\\/2018\\\/03\\\/sismec-se-apresenta-como-entidade-representativa-dos-servidores-de-enfermagem-de-curitiba.jpg\",\"datePublished\":\"2018-01-31T05:13:00+00:00\",\"dateModified\":\"2018-03-03T06:17:14+00:00\",\"breadcrumb\":{\"@id\":\"https:\\\/\\\/sismec.org.br\\\/site\\\/sismec-se-apresenta-como-entidade-representativa-dos-servidores-de-enfermagem-de-curitiba\\\/#breadcrumb\"},\"inLanguage\":\"pt-BR\",\"potentialAction\":[{\"@type\":\"ReadAction\",\"target\":[\"https:\\\/\\\/sismec.org.br\\\/site\\\/sismec-se-apresenta-como-entidade-representativa-dos-servidores-de-enfermagem-de-curitiba\\\/\"]}]},{\"@type\":\"ImageObject\",\"inLanguage\":\"pt-BR\",\"@id\":\"https:\\\/\\\/sismec.org.br\\\/site\\\/sismec-se-apresenta-como-entidade-representativa-dos-servidores-de-enfermagem-de-curitiba\\\/#primaryimage\",\"url\":\"https:\\\/\\\/sismec.org.br\\\/site\\\/wp-content\\\/uploads\\\/2018\\\/03\\\/sismec-se-apresenta-como-entidade-representativa-dos-servidores-de-enfermagem-de-curitiba.jpg\",\"contentUrl\":\"https:\\\/\\\/sismec.org.br\\\/site\\\/wp-content\\\/uploads\\\/2018\\\/03\\\/sismec-se-apresenta-como-entidade-representativa-dos-servidores-de-enfermagem-de-curitiba.jpg\",\"width\":800,\"height\":445},{\"@type\":\"BreadcrumbList\",\"@id\":\"https:\\\/\\\/sismec.org.br\\\/site\\\/sismec-se-apresenta-como-entidade-representativa-dos-servidores-de-enfermagem-de-curitiba\\\/#breadcrumb\",\"itemListElement\":[{\"@type\":\"ListItem\",\"position\":1,\"name\":\"In\u00edcio\",\"item\":\"https:\\\/\\\/sismec.org.br\\\/site\\\/\"},{\"@type\":\"ListItem\",\"position\":2,\"name\":\"SISMEC se apresenta como entidade representativa dos servidores de enfermagem de Curitiba\"}]},{\"@type\":\"WebSite\",\"@id\":\"https:\\\/\\\/sismec.org.br\\\/site\\\/#website\",\"url\":\"https:\\\/\\\/sismec.org.br\\\/site\\\/\",\"name\":\"Sismec\",\"description\":\"Sindicato dos Servidores Municipais de Enfermagem de Curitiba\",\"publisher\":{\"@id\":\"https:\\\/\\\/sismec.org.br\\\/site\\\/#organization\"},\"potentialAction\":[{\"@type\":\"SearchAction\",\"target\":{\"@type\":\"EntryPoint\",\"urlTemplate\":\"https:\\\/\\\/sismec.org.br\\\/site\\\/?s={search_term_string}\"},\"query-input\":{\"@type\":\"PropertyValueSpecification\",\"valueRequired\":true,\"valueName\":\"search_term_string\"}}],\"inLanguage\":\"pt-BR\"},{\"@type\":\"Organization\",\"@id\":\"https:\\\/\\\/sismec.org.br\\\/site\\\/#organization\",\"name\":\"Sismec\",\"url\":\"https:\\\/\\\/sismec.org.br\\\/site\\\/\",\"logo\":{\"@type\":\"ImageObject\",\"inLanguage\":\"pt-BR\",\"@id\":\"https:\\\/\\\/sismec.org.br\\\/site\\\/#\\\/schema\\\/logo\\\/image\\\/\",\"url\":\"https:\\\/\\\/sismec.org.br\\\/site\\\/wp-content\\\/uploads\\\/2018\\\/03\\\/cabe\u00e7alho.png\",\"contentUrl\":\"https:\\\/\\\/sismec.org.br\\\/site\\\/wp-content\\\/uploads\\\/2018\\\/03\\\/cabe\u00e7alho.png\",\"width\":1082,\"height\":297,\"caption\":\"Sismec\"},\"image\":{\"@id\":\"https:\\\/\\\/sismec.org.br\\\/site\\\/#\\\/schema\\\/logo\\\/image\\\/\"}},{\"@type\":\"Person\",\"@id\":\"https:\\\/\\\/sismec.org.br\\\/site\\\/#\\\/schema\\\/person\\\/ea7d25e354594ee5246610ed74e93b53\",\"name\":\"admin\",\"image\":{\"@type\":\"ImageObject\",\"inLanguage\":\"pt-BR\",\"@id\":\"https:\\\/\\\/secure.gravatar.com\\\/avatar\\\/8965fc407307d8d50e9d2bb39901de7d5d62b9e11155fdf905a65b9ecc0cda22?s=96&d=mm&r=g\",\"url\":\"https:\\\/\\\/secure.gravatar.com\\\/avatar\\\/8965fc407307d8d50e9d2bb39901de7d5d62b9e11155fdf905a65b9ecc0cda22?s=96&d=mm&r=g\",\"contentUrl\":\"https:\\\/\\\/secure.gravatar.com\\\/avatar\\\/8965fc407307d8d50e9d2bb39901de7d5d62b9e11155fdf905a65b9ecc0cda22?s=96&d=mm&r=g\",\"caption\":\"admin\"},\"url\":\"https:\\\/\\\/sismec.org.br\\\/site\\\/author\\\/admin\\\/\"}]}<\/script>\n<!-- \/ Yoast SEO plugin. -->","yoast_head_json":{"title":"SISMEC se apresenta como entidade representativa dos servidores de enfermagem de Curitiba - Sismec","robots":{"index":"index","follow":"follow","max-snippet":"max-snippet:-1","max-image-preview":"max-image-preview:large","max-video-preview":"max-video-preview:-1"},"canonical":"https:\/\/sismec.org.br\/site\/sismec-se-apresenta-como-entidade-representativa-dos-servidores-de-enfermagem-de-curitiba\/","og_locale":"pt_BR","og_type":"article","og_title":"SISMEC se apresenta como entidade representativa dos servidores de enfermagem de Curitiba - Sismec","og_description":"Na manh\u00e3 do dia 19\/12\/2017 a dire\u00e7\u00e3o do SISMEC participou de sua primeira reuni\u00e3o enquanto SINDICATO com a atual Gest\u00e3o Municipal. Fomos prontamente recebidos pelo Secretario Municipal de Recursos Humanos e, na oportunidade apresentamos o sindicato como legitimo representante dos profissionais Enfermeiros, T\u00e9cnicos de enfermagem e Auxiliares de enfermagem concursados no munic\u00edpio de Curitiba. Al\u00e9m da equipe do RH, participaram da reuni\u00e3o a supervisora de enfermagem na aten\u00e7\u00e3o primaria do munic\u00edpio, Diretora da Gest\u00e3o de...","og_url":"https:\/\/sismec.org.br\/site\/sismec-se-apresenta-como-entidade-representativa-dos-servidores-de-enfermagem-de-curitiba\/","og_site_name":"Sismec","article_published_time":"2018-01-31T05:13:00+00:00","article_modified_time":"2018-03-03T06:17:14+00:00","og_image":[{"width":800,"height":445,"url":"https:\/\/sismec.org.br\/site\/wp-content\/uploads\/2018\/03\/sismec-se-apresenta-como-entidade-representativa-dos-servidores-de-enfermagem-de-curitiba.jpg","type":"image\/jpeg"}],"author":"admin","twitter_card":"summary_large_image","twitter_misc":{"Escrito por":"admin","Est. tempo de leitura":"3 minutos"},"schema":{"@context":"https:\/\/schema.org","@graph":[{"@type":"Article","@id":"https:\/\/sismec.org.br\/site\/sismec-se-apresenta-como-entidade-representativa-dos-servidores-de-enfermagem-de-curitiba\/#article","isPartOf":{"@id":"https:\/\/sismec.org.br\/site\/sismec-se-apresenta-como-entidade-representativa-dos-servidores-de-enfermagem-de-curitiba\/"},"author":{"name":"admin","@id":"https:\/\/sismec.org.br\/site\/#\/schema\/person\/ea7d25e354594ee5246610ed74e93b53"},"headline":"SISMEC se apresenta como entidade representativa dos servidores de enfermagem de Curitiba","datePublished":"2018-01-31T05:13:00+00:00","dateModified":"2018-03-03T06:17:14+00:00","mainEntityOfPage":{"@id":"https:\/\/sismec.org.br\/site\/sismec-se-apresenta-como-entidade-representativa-dos-servidores-de-enfermagem-de-curitiba\/"},"wordCount":561,"commentCount":0,"publisher":{"@id":"https:\/\/sismec.org.br\/site\/#organization"},"image":{"@id":"https:\/\/sismec.org.br\/site\/sismec-se-apresenta-como-entidade-representativa-dos-servidores-de-enfermagem-de-curitiba\/#primaryimage"},"thumbnailUrl":"https:\/\/sismec.org.br\/site\/wp-content\/uploads\/2018\/03\/sismec-se-apresenta-como-entidade-representativa-dos-servidores-de-enfermagem-de-curitiba.jpg","articleSection":["Destaque","Informa\u00e7\u00f5es","Noticias"],"inLanguage":"pt-BR","potentialAction":[{"@type":"CommentAction","name":"Comment","target":["https:\/\/sismec.org.br\/site\/sismec-se-apresenta-como-entidade-representativa-dos-servidores-de-enfermagem-de-curitiba\/#respond"]}]},{"@type":"WebPage","@id":"https:\/\/sismec.org.br\/site\/sismec-se-apresenta-como-entidade-representativa-dos-servidores-de-enfermagem-de-curitiba\/","url":"https:\/\/sismec.org.br\/site\/sismec-se-apresenta-como-entidade-representativa-dos-servidores-de-enfermagem-de-curitiba\/","name":"SISMEC se apresenta como entidade representativa dos servidores de enfermagem de Curitiba - Sismec","isPartOf":{"@id":"https:\/\/sismec.org.br\/site\/#website"},"primaryImageOfPage":{"@id":"https:\/\/sismec.org.br\/site\/sismec-se-apresenta-como-entidade-representativa-dos-servidores-de-enfermagem-de-curitiba\/#primaryimage"},"image":{"@id":"https:\/\/sismec.org.br\/site\/sismec-se-apresenta-como-entidade-representativa-dos-servidores-de-enfermagem-de-curitiba\/#primaryimage"},"thumbnailUrl":"https:\/\/sismec.org.br\/site\/wp-content\/uploads\/2018\/03\/sismec-se-apresenta-como-entidade-representativa-dos-servidores-de-enfermagem-de-curitiba.jpg","datePublished":"2018-01-31T05:13:00+00:00","dateModified":"2018-03-03T06:17:14+00:00","breadcrumb":{"@id":"https:\/\/sismec.org.br\/site\/sismec-se-apresenta-como-entidade-representativa-dos-servidores-de-enfermagem-de-curitiba\/#breadcrumb"},"inLanguage":"pt-BR","potentialAction":[{"@type":"ReadAction","target":["https:\/\/sismec.org.br\/site\/sismec-se-apresenta-como-entidade-representativa-dos-servidores-de-enfermagem-de-curitiba\/"]}]},{"@type":"ImageObject","inLanguage":"pt-BR","@id":"https:\/\/sismec.org.br\/site\/sismec-se-apresenta-como-entidade-representativa-dos-servidores-de-enfermagem-de-curitiba\/#primaryimage","url":"https:\/\/sismec.org.br\/site\/wp-content\/uploads\/2018\/03\/sismec-se-apresenta-como-entidade-representativa-dos-servidores-de-enfermagem-de-curitiba.jpg","contentUrl":"https:\/\/sismec.org.br\/site\/wp-content\/uploads\/2018\/03\/sismec-se-apresenta-como-entidade-representativa-dos-servidores-de-enfermagem-de-curitiba.jpg","width":800,"height":445},{"@type":"BreadcrumbList","@id":"https:\/\/sismec.org.br\/site\/sismec-se-apresenta-como-entidade-representativa-dos-servidores-de-enfermagem-de-curitiba\/#breadcrumb","itemListElement":[{"@type":"ListItem","position":1,"name":"In\u00edcio","item":"https:\/\/sismec.org.br\/site\/"},{"@type":"ListItem","position":2,"name":"SISMEC se apresenta como entidade representativa dos servidores de enfermagem de Curitiba"}]},{"@type":"WebSite","@id":"https:\/\/sismec.org.br\/site\/#website","url":"https:\/\/sismec.org.br\/site\/","name":"Sismec","description":"Sindicato dos Servidores Municipais de Enfermagem de Curitiba","publisher":{"@id":"https:\/\/sismec.org.br\/site\/#organization"},"potentialAction":[{"@type":"SearchAction","target":{"@type":"EntryPoint","urlTemplate":"https:\/\/sismec.org.br\/site\/?s={search_term_string}"},"query-input":{"@type":"PropertyValueSpecification","valueRequired":true,"valueName":"search_term_string"}}],"inLanguage":"pt-BR"},{"@type":"Organization","@id":"https:\/\/sismec.org.br\/site\/#organization","name":"Sismec","url":"https:\/\/sismec.org.br\/site\/","logo":{"@type":"ImageObject","inLanguage":"pt-BR","@id":"https:\/\/sismec.org.br\/site\/#\/schema\/logo\/image\/","url":"https:\/\/sismec.org.br\/site\/wp-content\/uploads\/2018\/03\/cabe\u00e7alho.png","contentUrl":"https:\/\/sismec.org.br\/site\/wp-content\/uploads\/2018\/03\/cabe\u00e7alho.png","width":1082,"height":297,"caption":"Sismec"},"image":{"@id":"https:\/\/sismec.org.br\/site\/#\/schema\/logo\/image\/"}},{"@type":"Person","@id":"https:\/\/sismec.org.br\/site\/#\/schema\/person\/ea7d25e354594ee5246610ed74e93b53","name":"admin","image":{"@type":"ImageObject","inLanguage":"pt-BR","@id":"https:\/\/secure.gravatar.com\/avatar\/8965fc407307d8d50e9d2bb39901de7d5d62b9e11155fdf905a65b9ecc0cda22?s=96&d=mm&r=g","url":"https:\/\/secure.gravatar.com\/avatar\/8965fc407307d8d50e9d2bb39901de7d5d62b9e11155fdf905a65b9ecc0cda22?s=96&d=mm&r=g","contentUrl":"https:\/\/secure.gravatar.com\/avatar\/8965fc407307d8d50e9d2bb39901de7d5d62b9e11155fdf905a65b9ecc0cda22?s=96&d=mm&r=g","caption":"admin"},"url":"https:\/\/sismec.org.br\/site\/author\/admin\/"}]}},"_links":{"self":[{"href":"https:\/\/sismec.org.br\/site\/wp-json\/wp\/v2\/posts\/47","targetHints":{"allow":["GET"]}}],"collection":[{"href":"https:\/\/sismec.org.br\/site\/wp-json\/wp\/v2\/posts"}],"about":[{"href":"https:\/\/sismec.org.br\/site\/wp-json\/wp\/v2\/types\/post"}],"author":[{"embeddable":true,"href":"https:\/\/sismec.org.br\/site\/wp-json\/wp\/v2\/users\/1"}],"replies":[{"embeddable":true,"href":"https:\/\/sismec.org.br\/site\/wp-json\/wp\/v2\/comments?post=47"}],"version-history":[{"count":1,"href":"https:\/\/sismec.org.br\/site\/wp-json\/wp\/v2\/posts\/47\/revisions"}],"predecessor-version":[{"id":50,"href":"https:\/\/sismec.org.br\/site\/wp-json\/wp\/v2\/posts\/47\/revisions\/50"}],"wp:featuredmedia":[{"embeddable":true,"href":"https:\/\/sismec.org.br\/site\/wp-json\/wp\/v2\/media\/49"}],"wp:attachment":[{"href":"https:\/\/sismec.org.br\/site\/wp-json\/wp\/v2\/media?parent=47"}],"wp:term":[{"taxonomy":"category","embeddable":true,"href":"https:\/\/sismec.org.br\/site\/wp-json\/wp\/v2\/categories?post=47"},{"taxonomy":"post_tag","embeddable":true,"href":"https:\/\/sismec.org.br\/site\/wp-json\/wp\/v2\/tags?post=47"}],"curies":[{"name":"wp","href":"https:\/\/api.w.org\/{rel}","templated":true}]}}