{"id":2745,"date":"2025-05-29T23:39:09","date_gmt":"2025-05-30T02:39:09","guid":{"rendered":"https:\/\/sismec.org.br\/site\/?p=2745"},"modified":"2025-05-30T13:05:47","modified_gmt":"2025-05-30T16:05:47","slug":"esclarecimentos-sobre-a-sessao-da-camara-municipal-de-curitiba-desta-quarta-feira-28","status":"publish","type":"post","link":"https:\/\/sismec.org.br\/site\/esclarecimentos-sobre-a-sessao-da-camara-municipal-de-curitiba-desta-quarta-feira-28\/","title":{"rendered":"Esclarecimentos sobre a Sess\u00e3o da C\u00e2mara Municipal de Curitiba\u00a0 desta quarta-feira (28)*"},"content":{"rendered":"<p><a href=\"https:\/\/sismec.org.br\/site\/wp-content\/uploads\/2025\/05\/WhatsApp-Image-2025-05-29-at-09.24.16.jpeg\" target=\"_blank\" rel=\"noopener\"><img loading=\"lazy\" decoding=\"async\" class=\"wp-image-2749 alignleft\" src=\"https:\/\/sismec.org.br\/site\/wp-content\/uploads\/2025\/05\/WhatsApp-Image-2025-05-29-at-09.24.16-819x1024.jpeg\" alt=\"\" width=\"414\" height=\"518\" srcset=\"https:\/\/sismec.org.br\/site\/wp-content\/uploads\/2025\/05\/WhatsApp-Image-2025-05-29-at-09.24.16-819x1024.jpeg 819w, https:\/\/sismec.org.br\/site\/wp-content\/uploads\/2025\/05\/WhatsApp-Image-2025-05-29-at-09.24.16-240x300.jpeg 240w, https:\/\/sismec.org.br\/site\/wp-content\/uploads\/2025\/05\/WhatsApp-Image-2025-05-29-at-09.24.16-768x960.jpeg 768w, https:\/\/sismec.org.br\/site\/wp-content\/uploads\/2025\/05\/WhatsApp-Image-2025-05-29-at-09.24.16.jpeg 1024w\" sizes=\"auto, (max-width: 414px) 100vw, 414px\" \/><\/a>O SISMEC esteve presente na sess\u00e3o da C\u00e2mara Municipal de Vereadores de Curitiba nesta quarta (28), acompanhando a discuss\u00e3o sobre a aprova\u00e7\u00e3o de medida de urg\u00eancia de um projeto de lei proposto pelo executivo, ou seja, pelo prefeito de Curitiba. O projeto\u00a0 autorizou a utiliza\u00e7\u00e3o do super\u00e1vit dos fundos municipais para o pagamento do piso da enfermagem, um tema que tem sido objeto de luta h\u00e1 anos pelo sindicato e por toda a categoria da enfermagem nacional.<\/p>\n<p>*A luta pela implementa\u00e7\u00e3o do piso da enfermagem*<\/p>\n<p>A luta pelo piso da enfermagem \u00e9 uma causa justa e esperada pela categoria. No entanto, a forma como o executivo municipal utilizou essa pauta para acessar recursos dos fundos municipais gerou questionamentos e suspeitas de m\u00e1-f\u00e9.<\/p>\n<p>*Alega\u00e7\u00e3o de pagamento do piso da enfermagem*<\/p>\n<p>Durante a sess\u00e3o, foi alegado que a prefeitura j\u00e1 paga o piso da enfermagem, o que levantou d\u00favidas sobre a real inten\u00e7\u00e3o do executivo. Considerando que a FEAS tem seus recursos j\u00e1 complementados pela Uni\u00e3o para o pagamento do piso da enfermagem dos servidores desta funda\u00e7\u00e3o, fica a pergunta: qual seria o destino desses fundos municipais?<\/p>\n<p>&nbsp;<\/p>\n<p>*Expectativas da categoria*<\/p>\n<p>A categoria da enfermagem espera que o piso da enfermagem seja pago de forma correta, no sal\u00e1rio base e independente da carga hor\u00e1ria. \u00c9 fundamental que a prefeitura seja transparente e respons\u00e1vel na gest\u00e3o dos recursos p\u00fablicos e priorize o pagamento do piso da enfermagem de acordo com as expectativas da categoria.<\/p>\n<p>*Posi\u00e7\u00e3o do SISMEC*<\/p>\n<p>O SISMEC continuar\u00e1 lutando pelos direitos dos servidores municipais de enfermagem e cobrar\u00e1 explica\u00e7\u00f5es e a\u00e7\u00f5es concretas da prefeitura para garantir o pagamento do piso da enfermagem de forma justa e adequada.<\/p>\n<p><a href=\"https:\/\/sismec.org.br\/site\/wp-content\/uploads\/2025\/05\/WhatsApp-Image-2025-05-29-at-18.48.17.jpeg\"><img loading=\"lazy\" decoding=\"async\" class=\"alignleft wp-image-2743\" src=\"https:\/\/sismec.org.br\/site\/wp-content\/uploads\/2025\/05\/WhatsApp-Image-2025-05-29-at-18.48.17-1024x682.jpeg\" alt=\"\" width=\"414\" height=\"275\" srcset=\"https:\/\/sismec.org.br\/site\/wp-content\/uploads\/2025\/05\/WhatsApp-Image-2025-05-29-at-18.48.17-1024x682.jpeg 1024w, https:\/\/sismec.org.br\/site\/wp-content\/uploads\/2025\/05\/WhatsApp-Image-2025-05-29-at-18.48.17-300x200.jpeg 300w, https:\/\/sismec.org.br\/site\/wp-content\/uploads\/2025\/05\/WhatsApp-Image-2025-05-29-at-18.48.17-768x512.jpeg 768w, https:\/\/sismec.org.br\/site\/wp-content\/uploads\/2025\/05\/WhatsApp-Image-2025-05-29-at-18.48.17-95x62.jpeg 95w, https:\/\/sismec.org.br\/site\/wp-content\/uploads\/2025\/05\/WhatsApp-Image-2025-05-29-at-18.48.17.jpeg 1280w\" sizes=\"auto, (max-width: 414px) 100vw, 414px\" \/><\/a><\/p>\n<p>&nbsp;<\/p>\n","protected":false},"excerpt":{"rendered":"<p>O SISMEC esteve presente na sess\u00e3o da C\u00e2mara Municipal de Vereadores de Curitiba nesta quarta (28), acompanhando a discuss\u00e3o sobre a aprova\u00e7\u00e3o de medida de urg\u00eancia de um projeto de lei proposto pelo executivo, ou seja, pelo prefeito de Curitiba. O projeto\u00a0 autorizou a utiliza\u00e7\u00e3o do super\u00e1vit dos fundos municipais para o pagamento do piso da enfermagem, um tema que tem sido objeto de luta h\u00e1 anos pelo sindicato e por toda a categoria da&#8230;<\/p>\n","protected":false},"author":4,"featured_media":2753,"comment_status":"closed","ping_status":"closed","sticky":false,"template":"","format":"standard","meta":{"footnotes":""},"categories":[2],"tags":[],"class_list":["post-2745","post","type-post","status-publish","format-standard","has-post-thumbnail","hentry","category-noticias"],"yoast_head":"<!-- This site is optimized with the Yoast SEO plugin v27.5 - https:\/\/yoast.com\/product\/yoast-seo-wordpress\/ -->\n<title>Esclarecimentos sobre a Sess\u00e3o da C\u00e2mara Municipal de Curitiba\u00a0 desta quarta-feira (28)* - Sismec<\/title>\n<meta name=\"robots\" content=\"index, follow, max-snippet:-1, max-image-preview:large, max-video-preview:-1\" \/>\n<link rel=\"canonical\" href=\"https:\/\/sismec.org.br\/site\/esclarecimentos-sobre-a-sessao-da-camara-municipal-de-curitiba-desta-quarta-feira-28\/\" \/>\n<meta property=\"og:locale\" content=\"pt_BR\" \/>\n<meta property=\"og:type\" content=\"article\" \/>\n<meta property=\"og:title\" content=\"Esclarecimentos sobre a Sess\u00e3o da C\u00e2mara Municipal de Curitiba\u00a0 desta quarta-feira (28)* - Sismec\" \/>\n<meta property=\"og:description\" content=\"O SISMEC esteve presente na sess\u00e3o da C\u00e2mara Municipal de Vereadores de Curitiba nesta quarta (28), acompanhando a discuss\u00e3o sobre a aprova\u00e7\u00e3o de medida de urg\u00eancia de um projeto de lei proposto pelo executivo, ou seja, pelo prefeito de Curitiba. O projeto\u00a0 autorizou a utiliza\u00e7\u00e3o do super\u00e1vit dos fundos municipais para o pagamento do piso da enfermagem, um tema que tem sido objeto de luta h\u00e1 anos pelo sindicato e por toda a categoria da...\" \/>\n<meta property=\"og:url\" content=\"https:\/\/sismec.org.br\/site\/esclarecimentos-sobre-a-sessao-da-camara-municipal-de-curitiba-desta-quarta-feira-28\/\" \/>\n<meta property=\"og:site_name\" content=\"Sismec\" \/>\n<meta property=\"article:published_time\" content=\"2025-05-30T02:39:09+00:00\" \/>\n<meta property=\"article:modified_time\" content=\"2025-05-30T16:05:47+00:00\" \/>\n<meta property=\"og:image\" content=\"https:\/\/sismec.org.br\/site\/wp-content\/uploads\/2025\/05\/sismec-na-camara.jpeg\" \/>\n\t<meta property=\"og:image:width\" content=\"1000\" \/>\n\t<meta property=\"og:image:height\" content=\"600\" \/>\n\t<meta property=\"og:image:type\" content=\"image\/jpeg\" \/>\n<meta name=\"author\" content=\"Raquel Sismec\" \/>\n<meta name=\"twitter:card\" content=\"summary_large_image\" \/>\n<meta name=\"twitter:label1\" content=\"Escrito por\" \/>\n\t<meta name=\"twitter:data1\" content=\"Raquel Sismec\" \/>\n\t<meta name=\"twitter:label2\" content=\"Est. tempo de leitura\" \/>\n\t<meta name=\"twitter:data2\" content=\"3 minutos\" \/>\n<script type=\"application\/ld+json\" class=\"yoast-schema-graph\">{\"@context\":\"https:\\\/\\\/schema.org\",\"@graph\":[{\"@type\":\"Article\",\"@id\":\"https:\\\/\\\/sismec.org.br\\\/site\\\/esclarecimentos-sobre-a-sessao-da-camara-municipal-de-curitiba-desta-quarta-feira-28\\\/#article\",\"isPartOf\":{\"@id\":\"https:\\\/\\\/sismec.org.br\\\/site\\\/esclarecimentos-sobre-a-sessao-da-camara-municipal-de-curitiba-desta-quarta-feira-28\\\/\"},\"author\":{\"name\":\"Raquel Sismec\",\"@id\":\"https:\\\/\\\/sismec.org.br\\\/site\\\/#\\\/schema\\\/person\\\/cb430427c93e5321a92007684903abc8\"},\"headline\":\"Esclarecimentos sobre a Sess\u00e3o da C\u00e2mara Municipal de Curitiba\u00a0 desta quarta-feira (28)*\",\"datePublished\":\"2025-05-30T02:39:09+00:00\",\"dateModified\":\"2025-05-30T16:05:47+00:00\",\"mainEntityOfPage\":{\"@id\":\"https:\\\/\\\/sismec.org.br\\\/site\\\/esclarecimentos-sobre-a-sessao-da-camara-municipal-de-curitiba-desta-quarta-feira-28\\\/\"},\"wordCount\":310,\"publisher\":{\"@id\":\"https:\\\/\\\/sismec.org.br\\\/site\\\/#organization\"},\"image\":{\"@id\":\"https:\\\/\\\/sismec.org.br\\\/site\\\/esclarecimentos-sobre-a-sessao-da-camara-municipal-de-curitiba-desta-quarta-feira-28\\\/#primaryimage\"},\"thumbnailUrl\":\"https:\\\/\\\/sismec.org.br\\\/site\\\/wp-content\\\/uploads\\\/2025\\\/05\\\/sismec-na-camara.jpeg\",\"articleSection\":[\"Noticias\"],\"inLanguage\":\"pt-BR\"},{\"@type\":\"WebPage\",\"@id\":\"https:\\\/\\\/sismec.org.br\\\/site\\\/esclarecimentos-sobre-a-sessao-da-camara-municipal-de-curitiba-desta-quarta-feira-28\\\/\",\"url\":\"https:\\\/\\\/sismec.org.br\\\/site\\\/esclarecimentos-sobre-a-sessao-da-camara-municipal-de-curitiba-desta-quarta-feira-28\\\/\",\"name\":\"Esclarecimentos sobre a Sess\u00e3o da C\u00e2mara Municipal de Curitiba\u00a0 desta quarta-feira (28)* - Sismec\",\"isPartOf\":{\"@id\":\"https:\\\/\\\/sismec.org.br\\\/site\\\/#website\"},\"primaryImageOfPage\":{\"@id\":\"https:\\\/\\\/sismec.org.br\\\/site\\\/esclarecimentos-sobre-a-sessao-da-camara-municipal-de-curitiba-desta-quarta-feira-28\\\/#primaryimage\"},\"image\":{\"@id\":\"https:\\\/\\\/sismec.org.br\\\/site\\\/esclarecimentos-sobre-a-sessao-da-camara-municipal-de-curitiba-desta-quarta-feira-28\\\/#primaryimage\"},\"thumbnailUrl\":\"https:\\\/\\\/sismec.org.br\\\/site\\\/wp-content\\\/uploads\\\/2025\\\/05\\\/sismec-na-camara.jpeg\",\"datePublished\":\"2025-05-30T02:39:09+00:00\",\"dateModified\":\"2025-05-30T16:05:47+00:00\",\"breadcrumb\":{\"@id\":\"https:\\\/\\\/sismec.org.br\\\/site\\\/esclarecimentos-sobre-a-sessao-da-camara-municipal-de-curitiba-desta-quarta-feira-28\\\/#breadcrumb\"},\"inLanguage\":\"pt-BR\",\"potentialAction\":[{\"@type\":\"ReadAction\",\"target\":[\"https:\\\/\\\/sismec.org.br\\\/site\\\/esclarecimentos-sobre-a-sessao-da-camara-municipal-de-curitiba-desta-quarta-feira-28\\\/\"]}]},{\"@type\":\"ImageObject\",\"inLanguage\":\"pt-BR\",\"@id\":\"https:\\\/\\\/sismec.org.br\\\/site\\\/esclarecimentos-sobre-a-sessao-da-camara-municipal-de-curitiba-desta-quarta-feira-28\\\/#primaryimage\",\"url\":\"https:\\\/\\\/sismec.org.br\\\/site\\\/wp-content\\\/uploads\\\/2025\\\/05\\\/sismec-na-camara.jpeg\",\"contentUrl\":\"https:\\\/\\\/sismec.org.br\\\/site\\\/wp-content\\\/uploads\\\/2025\\\/05\\\/sismec-na-camara.jpeg\",\"width\":1000,\"height\":600},{\"@type\":\"BreadcrumbList\",\"@id\":\"https:\\\/\\\/sismec.org.br\\\/site\\\/esclarecimentos-sobre-a-sessao-da-camara-municipal-de-curitiba-desta-quarta-feira-28\\\/#breadcrumb\",\"itemListElement\":[{\"@type\":\"ListItem\",\"position\":1,\"name\":\"In\u00edcio\",\"item\":\"https:\\\/\\\/sismec.org.br\\\/site\\\/\"},{\"@type\":\"ListItem\",\"position\":2,\"name\":\"Esclarecimentos sobre a Sess\u00e3o da C\u00e2mara Municipal de Curitiba\u00a0 desta quarta-feira (28)*\"}]},{\"@type\":\"WebSite\",\"@id\":\"https:\\\/\\\/sismec.org.br\\\/site\\\/#website\",\"url\":\"https:\\\/\\\/sismec.org.br\\\/site\\\/\",\"name\":\"Sismec\",\"description\":\"Sindicato dos Servidores Municipais de Enfermagem de Curitiba\",\"publisher\":{\"@id\":\"https:\\\/\\\/sismec.org.br\\\/site\\\/#organization\"},\"potentialAction\":[{\"@type\":\"SearchAction\",\"target\":{\"@type\":\"EntryPoint\",\"urlTemplate\":\"https:\\\/\\\/sismec.org.br\\\/site\\\/?s={search_term_string}\"},\"query-input\":{\"@type\":\"PropertyValueSpecification\",\"valueRequired\":true,\"valueName\":\"search_term_string\"}}],\"inLanguage\":\"pt-BR\"},{\"@type\":\"Organization\",\"@id\":\"https:\\\/\\\/sismec.org.br\\\/site\\\/#organization\",\"name\":\"Sismec\",\"url\":\"https:\\\/\\\/sismec.org.br\\\/site\\\/\",\"logo\":{\"@type\":\"ImageObject\",\"inLanguage\":\"pt-BR\",\"@id\":\"https:\\\/\\\/sismec.org.br\\\/site\\\/#\\\/schema\\\/logo\\\/image\\\/\",\"url\":\"https:\\\/\\\/sismec.org.br\\\/site\\\/wp-content\\\/uploads\\\/2018\\\/03\\\/cabe\u00e7alho.png\",\"contentUrl\":\"https:\\\/\\\/sismec.org.br\\\/site\\\/wp-content\\\/uploads\\\/2018\\\/03\\\/cabe\u00e7alho.png\",\"width\":1082,\"height\":297,\"caption\":\"Sismec\"},\"image\":{\"@id\":\"https:\\\/\\\/sismec.org.br\\\/site\\\/#\\\/schema\\\/logo\\\/image\\\/\"}},{\"@type\":\"Person\",\"@id\":\"https:\\\/\\\/sismec.org.br\\\/site\\\/#\\\/schema\\\/person\\\/cb430427c93e5321a92007684903abc8\",\"name\":\"Raquel Sismec\",\"image\":{\"@type\":\"ImageObject\",\"inLanguage\":\"pt-BR\",\"@id\":\"https:\\\/\\\/secure.gravatar.com\\\/avatar\\\/ab65ad63c6e5360f579ea8daed9ccfa1fa7fc774eef62df1e79df3ddcb2e5b23?s=96&d=mm&r=g\",\"url\":\"https:\\\/\\\/secure.gravatar.com\\\/avatar\\\/ab65ad63c6e5360f579ea8daed9ccfa1fa7fc774eef62df1e79df3ddcb2e5b23?s=96&d=mm&r=g\",\"contentUrl\":\"https:\\\/\\\/secure.gravatar.com\\\/avatar\\\/ab65ad63c6e5360f579ea8daed9ccfa1fa7fc774eef62df1e79df3ddcb2e5b23?s=96&d=mm&r=g\",\"caption\":\"Raquel Sismec\"},\"url\":\"https:\\\/\\\/sismec.org.br\\\/site\\\/author\\\/raquel\\\/\"}]}<\/script>\n<!-- \/ Yoast SEO plugin. -->","yoast_head_json":{"title":"Esclarecimentos sobre a Sess\u00e3o da C\u00e2mara Municipal de Curitiba\u00a0 desta quarta-feira (28)* - Sismec","robots":{"index":"index","follow":"follow","max-snippet":"max-snippet:-1","max-image-preview":"max-image-preview:large","max-video-preview":"max-video-preview:-1"},"canonical":"https:\/\/sismec.org.br\/site\/esclarecimentos-sobre-a-sessao-da-camara-municipal-de-curitiba-desta-quarta-feira-28\/","og_locale":"pt_BR","og_type":"article","og_title":"Esclarecimentos sobre a Sess\u00e3o da C\u00e2mara Municipal de Curitiba\u00a0 desta quarta-feira (28)* - Sismec","og_description":"O SISMEC esteve presente na sess\u00e3o da C\u00e2mara Municipal de Vereadores de Curitiba nesta quarta (28), acompanhando a discuss\u00e3o sobre a aprova\u00e7\u00e3o de medida de urg\u00eancia de um projeto de lei proposto pelo executivo, ou seja, pelo prefeito de Curitiba. O projeto\u00a0 autorizou a utiliza\u00e7\u00e3o do super\u00e1vit dos fundos municipais para o pagamento do piso da enfermagem, um tema que tem sido objeto de luta h\u00e1 anos pelo sindicato e por toda a categoria da...","og_url":"https:\/\/sismec.org.br\/site\/esclarecimentos-sobre-a-sessao-da-camara-municipal-de-curitiba-desta-quarta-feira-28\/","og_site_name":"Sismec","article_published_time":"2025-05-30T02:39:09+00:00","article_modified_time":"2025-05-30T16:05:47+00:00","og_image":[{"width":1000,"height":600,"url":"https:\/\/sismec.org.br\/site\/wp-content\/uploads\/2025\/05\/sismec-na-camara.jpeg","type":"image\/jpeg"}],"author":"Raquel Sismec","twitter_card":"summary_large_image","twitter_misc":{"Escrito por":"Raquel Sismec","Est. tempo de leitura":"3 minutos"},"schema":{"@context":"https:\/\/schema.org","@graph":[{"@type":"Article","@id":"https:\/\/sismec.org.br\/site\/esclarecimentos-sobre-a-sessao-da-camara-municipal-de-curitiba-desta-quarta-feira-28\/#article","isPartOf":{"@id":"https:\/\/sismec.org.br\/site\/esclarecimentos-sobre-a-sessao-da-camara-municipal-de-curitiba-desta-quarta-feira-28\/"},"author":{"name":"Raquel Sismec","@id":"https:\/\/sismec.org.br\/site\/#\/schema\/person\/cb430427c93e5321a92007684903abc8"},"headline":"Esclarecimentos sobre a Sess\u00e3o da C\u00e2mara Municipal de Curitiba\u00a0 desta quarta-feira (28)*","datePublished":"2025-05-30T02:39:09+00:00","dateModified":"2025-05-30T16:05:47+00:00","mainEntityOfPage":{"@id":"https:\/\/sismec.org.br\/site\/esclarecimentos-sobre-a-sessao-da-camara-municipal-de-curitiba-desta-quarta-feira-28\/"},"wordCount":310,"publisher":{"@id":"https:\/\/sismec.org.br\/site\/#organization"},"image":{"@id":"https:\/\/sismec.org.br\/site\/esclarecimentos-sobre-a-sessao-da-camara-municipal-de-curitiba-desta-quarta-feira-28\/#primaryimage"},"thumbnailUrl":"https:\/\/sismec.org.br\/site\/wp-content\/uploads\/2025\/05\/sismec-na-camara.jpeg","articleSection":["Noticias"],"inLanguage":"pt-BR"},{"@type":"WebPage","@id":"https:\/\/sismec.org.br\/site\/esclarecimentos-sobre-a-sessao-da-camara-municipal-de-curitiba-desta-quarta-feira-28\/","url":"https:\/\/sismec.org.br\/site\/esclarecimentos-sobre-a-sessao-da-camara-municipal-de-curitiba-desta-quarta-feira-28\/","name":"Esclarecimentos sobre a Sess\u00e3o da C\u00e2mara Municipal de Curitiba\u00a0 desta quarta-feira (28)* - Sismec","isPartOf":{"@id":"https:\/\/sismec.org.br\/site\/#website"},"primaryImageOfPage":{"@id":"https:\/\/sismec.org.br\/site\/esclarecimentos-sobre-a-sessao-da-camara-municipal-de-curitiba-desta-quarta-feira-28\/#primaryimage"},"image":{"@id":"https:\/\/sismec.org.br\/site\/esclarecimentos-sobre-a-sessao-da-camara-municipal-de-curitiba-desta-quarta-feira-28\/#primaryimage"},"thumbnailUrl":"https:\/\/sismec.org.br\/site\/wp-content\/uploads\/2025\/05\/sismec-na-camara.jpeg","datePublished":"2025-05-30T02:39:09+00:00","dateModified":"2025-05-30T16:05:47+00:00","breadcrumb":{"@id":"https:\/\/sismec.org.br\/site\/esclarecimentos-sobre-a-sessao-da-camara-municipal-de-curitiba-desta-quarta-feira-28\/#breadcrumb"},"inLanguage":"pt-BR","potentialAction":[{"@type":"ReadAction","target":["https:\/\/sismec.org.br\/site\/esclarecimentos-sobre-a-sessao-da-camara-municipal-de-curitiba-desta-quarta-feira-28\/"]}]},{"@type":"ImageObject","inLanguage":"pt-BR","@id":"https:\/\/sismec.org.br\/site\/esclarecimentos-sobre-a-sessao-da-camara-municipal-de-curitiba-desta-quarta-feira-28\/#primaryimage","url":"https:\/\/sismec.org.br\/site\/wp-content\/uploads\/2025\/05\/sismec-na-camara.jpeg","contentUrl":"https:\/\/sismec.org.br\/site\/wp-content\/uploads\/2025\/05\/sismec-na-camara.jpeg","width":1000,"height":600},{"@type":"BreadcrumbList","@id":"https:\/\/sismec.org.br\/site\/esclarecimentos-sobre-a-sessao-da-camara-municipal-de-curitiba-desta-quarta-feira-28\/#breadcrumb","itemListElement":[{"@type":"ListItem","position":1,"name":"In\u00edcio","item":"https:\/\/sismec.org.br\/site\/"},{"@type":"ListItem","position":2,"name":"Esclarecimentos sobre a Sess\u00e3o da C\u00e2mara Municipal de Curitiba\u00a0 desta quarta-feira (28)*"}]},{"@type":"WebSite","@id":"https:\/\/sismec.org.br\/site\/#website","url":"https:\/\/sismec.org.br\/site\/","name":"Sismec","description":"Sindicato dos Servidores Municipais de Enfermagem de Curitiba","publisher":{"@id":"https:\/\/sismec.org.br\/site\/#organization"},"potentialAction":[{"@type":"SearchAction","target":{"@type":"EntryPoint","urlTemplate":"https:\/\/sismec.org.br\/site\/?s={search_term_string}"},"query-input":{"@type":"PropertyValueSpecification","valueRequired":true,"valueName":"search_term_string"}}],"inLanguage":"pt-BR"},{"@type":"Organization","@id":"https:\/\/sismec.org.br\/site\/#organization","name":"Sismec","url":"https:\/\/sismec.org.br\/site\/","logo":{"@type":"ImageObject","inLanguage":"pt-BR","@id":"https:\/\/sismec.org.br\/site\/#\/schema\/logo\/image\/","url":"https:\/\/sismec.org.br\/site\/wp-content\/uploads\/2018\/03\/cabe\u00e7alho.png","contentUrl":"https:\/\/sismec.org.br\/site\/wp-content\/uploads\/2018\/03\/cabe\u00e7alho.png","width":1082,"height":297,"caption":"Sismec"},"image":{"@id":"https:\/\/sismec.org.br\/site\/#\/schema\/logo\/image\/"}},{"@type":"Person","@id":"https:\/\/sismec.org.br\/site\/#\/schema\/person\/cb430427c93e5321a92007684903abc8","name":"Raquel Sismec","image":{"@type":"ImageObject","inLanguage":"pt-BR","@id":"https:\/\/secure.gravatar.com\/avatar\/ab65ad63c6e5360f579ea8daed9ccfa1fa7fc774eef62df1e79df3ddcb2e5b23?s=96&d=mm&r=g","url":"https:\/\/secure.gravatar.com\/avatar\/ab65ad63c6e5360f579ea8daed9ccfa1fa7fc774eef62df1e79df3ddcb2e5b23?s=96&d=mm&r=g","contentUrl":"https:\/\/secure.gravatar.com\/avatar\/ab65ad63c6e5360f579ea8daed9ccfa1fa7fc774eef62df1e79df3ddcb2e5b23?s=96&d=mm&r=g","caption":"Raquel Sismec"},"url":"https:\/\/sismec.org.br\/site\/author\/raquel\/"}]}},"_links":{"self":[{"href":"https:\/\/sismec.org.br\/site\/wp-json\/wp\/v2\/posts\/2745","targetHints":{"allow":["GET"]}}],"collection":[{"href":"https:\/\/sismec.org.br\/site\/wp-json\/wp\/v2\/posts"}],"about":[{"href":"https:\/\/sismec.org.br\/site\/wp-json\/wp\/v2\/types\/post"}],"author":[{"embeddable":true,"href":"https:\/\/sismec.org.br\/site\/wp-json\/wp\/v2\/users\/4"}],"replies":[{"embeddable":true,"href":"https:\/\/sismec.org.br\/site\/wp-json\/wp\/v2\/comments?post=2745"}],"version-history":[{"count":4,"href":"https:\/\/sismec.org.br\/site\/wp-json\/wp\/v2\/posts\/2745\/revisions"}],"predecessor-version":[{"id":2755,"href":"https:\/\/sismec.org.br\/site\/wp-json\/wp\/v2\/posts\/2745\/revisions\/2755"}],"wp:featuredmedia":[{"embeddable":true,"href":"https:\/\/sismec.org.br\/site\/wp-json\/wp\/v2\/media\/2753"}],"wp:attachment":[{"href":"https:\/\/sismec.org.br\/site\/wp-json\/wp\/v2\/media?parent=2745"}],"wp:term":[{"taxonomy":"category","embeddable":true,"href":"https:\/\/sismec.org.br\/site\/wp-json\/wp\/v2\/categories?post=2745"},{"taxonomy":"post_tag","embeddable":true,"href":"https:\/\/sismec.org.br\/site\/wp-json\/wp\/v2\/tags?post=2745"}],"curies":[{"name":"wp","href":"https:\/\/api.w.org\/{rel}","templated":true}]}}